{"id":29,"date":"2025-04-04T08:57:00","date_gmt":"2025-04-04T08:57:00","guid":{"rendered":"https:\/\/szeruj.pl\/blog\/?p=29"},"modified":"2025-04-15T11:57:03","modified_gmt":"2025-04-15T11:57:03","slug":"dni-wolne-od-pracy-swieta","status":"publish","type":"post","link":"https:\/\/szeruj.pl\/blog\/dni-wolne-od-pracy-swieta\/","title":{"rendered":"Dni wolne od pracy w 2025 roku \u2013 zaplanuj wakacje z wyprzedzeniem"},"content":{"rendered":"\n<p>Warto ju\u017c teraz zaplanowa\u0107 sw\u00f3j urlop na rok 2025, kt\u00f3ry przyniesie a\u017c <strong>116 dni wolnych od pracy<\/strong>. W tym roku czeka nas kilka wyj\u0105tkowo korzystnych uk\u0142ad\u00f3w \u015bwi\u0105t, kt\u00f3re umo\u017cliwi\u0105 d\u0142u\u017cszy wypoczynek.<\/p><div id=\"ez-toc-container\" class=\"ez-toc-v2_0_80 counter-hierarchy ez-toc-counter ez-toc-grey ez-toc-container-direction\">\n<div class=\"ez-toc-title-container\">\n<p class=\"ez-toc-title\" style=\"cursor:inherit\">Spis tre\u015bci<\/p>\n<span class=\"ez-toc-title-toggle\"><a href=\"#\" class=\"ez-toc-pull-right ez-toc-btn ez-toc-btn-xs ez-toc-btn-default ez-toc-toggle\" aria-label=\"Prze\u0142\u0105cznik Spisu Tre\u015bci\"><span class=\"ez-toc-js-icon-con\"><span class=\"\"><span class=\"eztoc-hide\" style=\"display:none;\">Toggle<\/span><span class=\"ez-toc-icon-toggle-span\"><svg style=\"fill: #999;color:#999\" xmlns=\"http:\/\/www.w3.org\/2000\/svg\" class=\"list-377408\" width=\"20px\" height=\"20px\" viewBox=\"0 0 24 24\" fill=\"none\"><path d=\"M6 6H4v2h2V6zm14 0H8v2h12V6zM4 11h2v2H4v-2zm16 0H8v2h12v-2zM4 16h2v2H4v-2zm16 0H8v2h12v-2z\" fill=\"currentColor\"><\/path><\/svg><svg style=\"fill: #999;color:#999\" class=\"arrow-unsorted-368013\" xmlns=\"http:\/\/www.w3.org\/2000\/svg\" width=\"10px\" height=\"10px\" viewBox=\"0 0 24 24\" version=\"1.2\" baseProfile=\"tiny\"><path d=\"M18.2 9.3l-6.2-6.3-6.2 6.3c-.2.2-.3.4-.3.7s.1.5.3.7c.2.2.4.3.7.3h11c.3 0 .5-.1.7-.3.2-.2.3-.5.3-.7s-.1-.5-.3-.7zM5.8 14.7l6.2 6.3 6.2-6.3c.2-.2.3-.5.3-.7s-.1-.5-.3-.7c-.2-.2-.4-.3-.7-.3h-11c-.3 0-.5.1-.7.3-.2.2-.3.5-.3.7s.1.5.3.7z\"\/><\/svg><\/span><\/span><\/span><\/a><\/span><\/div>\n<nav><ul class='ez-toc-list ez-toc-list-level-1 ' ><li class='ez-toc-page-1 ez-toc-heading-level-2'><a class=\"ez-toc-link ez-toc-heading-1\" href=\"https:\/\/szeruj.pl\/blog\/dni-wolne-od-pracy-swieta\/#Kalendarz-dni-wolnych-od-pracy-2025\" >Kalendarz dni wolnych od pracy 2025<\/a><\/li><li class='ez-toc-page-1 ez-toc-heading-level-2'><a class=\"ez-toc-link ez-toc-heading-2\" href=\"https:\/\/szeruj.pl\/blog\/dni-wolne-od-pracy-swieta\/#Najlepsze-okazje-do-dluzszego-wypoczynku-w-2025-roku\" >Najlepsze okazje do d\u0142u\u017cszego wypoczynku w 2025 roku<\/a><\/li><li class='ez-toc-page-1 ez-toc-heading-level-2'><a class=\"ez-toc-link ez-toc-heading-3\" href=\"https:\/\/szeruj.pl\/blog\/dni-wolne-od-pracy-swieta\/#Styczen-2025\" >Stycze\u0144 2025<\/a><\/li><li class='ez-toc-page-1 ez-toc-heading-level-2'><a class=\"ez-toc-link ez-toc-heading-4\" href=\"https:\/\/szeruj.pl\/blog\/dni-wolne-od-pracy-swieta\/#Majowka-2025\" >Maj\u00f3wka 2025<\/a><\/li><li class='ez-toc-page-1 ez-toc-heading-level-2'><a class=\"ez-toc-link ez-toc-heading-5\" href=\"https:\/\/szeruj.pl\/blog\/dni-wolne-od-pracy-swieta\/#Czerwiec-2025\" >Czerwiec 2025<\/a><\/li><li class='ez-toc-page-1 ez-toc-heading-level-2'><a class=\"ez-toc-link ez-toc-heading-6\" href=\"https:\/\/szeruj.pl\/blog\/dni-wolne-od-pracy-swieta\/#Sierpien-2025\" >Sierpie\u0144 2025<\/a><\/li><li class='ez-toc-page-1 ez-toc-heading-level-2'><a class=\"ez-toc-link ez-toc-heading-7\" href=\"https:\/\/szeruj.pl\/blog\/dni-wolne-od-pracy-swieta\/#Grudzien-2025\" >Grudzie\u0144 2025<\/a><\/li><li class='ez-toc-page-1 ez-toc-heading-level-2'><a class=\"ez-toc-link ez-toc-heading-8\" href=\"https:\/\/szeruj.pl\/blog\/dni-wolne-od-pracy-swieta\/#Dni-ustawowo-wolne-od-pracy-a-turystyka\" >Dni ustawowo wolne od pracy a turystyka<\/a><\/li><\/ul><\/nav><\/div>\n\n\n\n\n<h2 class=\"wp-block-heading\"><span class=\"ez-toc-section\" id=\"Kalendarz-dni-wolnych-od-pracy-2025\"><\/span>Kalendarz dni wolnych od pracy 2025<span class=\"ez-toc-section-end\"><\/span><\/h2>\n\n\n\n<p>W roku 2025 b\u0119dziemy mieli nast\u0119puj\u0105ce dni ustawowo wolne:<\/p>\n\n\n\n<ul class=\"wp-block-list\">\n<li>1 stycznia (\u015broda) &#8211; Nowy Rok,<\/li>\n\n\n\n<li>6 stycznia (poniedzia\u0142ek) &#8211; \u015awi\u0119to Trzech Kr\u00f3li,<\/li>\n\n\n\n<li>20-21 kwietnia &#8211; Wielkanoc i Poniedzia\u0142ek Wielkanocny,<\/li>\n\n\n\n<li>1 maja (czwartek) &#8211; \u015awi\u0119to Pracy,<\/li>\n\n\n\n<li>3 maja (sobota) &#8211; \u015awi\u0119to Konstytucji 3 Maja,<\/li>\n\n\n\n<li>8 czerwca (niedziela) &#8211; Zielone \u015awi\u0105tki,<\/li>\n\n\n\n<li>19 czerwca (czwartek) &#8211; Bo\u017ce Cia\u0142o,<\/li>\n\n\n\n<li>15 sierpnia (pi\u0105tek) &#8211; Wniebowzi\u0119cie NMP,<\/li>\n\n\n\n<li>1 listopada (sobota) &#8211; Wszystkich \u015awi\u0119tych,<\/li>\n\n\n\n<li>11 listopada (wtorek) &#8211; \u015awi\u0119to Niepodleg\u0142o\u015bci,<\/li>\n\n\n\n<li>24 grudnia (\u015broda) &#8211; Wigilia,<\/li>\n\n\n\n<li>25-26 grudnia (czwartek-pi\u0105tek) &#8211; Bo\u017ce Narodzenie.<\/li>\n<\/ul>\n\n\n\n<h2 class=\"wp-block-heading\"><span class=\"ez-toc-section\" id=\"Najlepsze-okazje-do-dluzszego-wypoczynku-w-2025-roku\"><\/span>Najlepsze okazje do d\u0142u\u017cszego wypoczynku w 2025 roku<span class=\"ez-toc-section-end\"><\/span><\/h2>\n\n\n\n<h2 class=\"wp-block-heading\"><span class=\"ez-toc-section\" id=\"Styczen-2025\"><\/span>Stycze\u0144 2025<span class=\"ez-toc-section-end\"><\/span><\/h2>\n\n\n\n<p>\u015awi\u0119to Trzech Kr\u00f3li wypada w poniedzia\u0142ek, co automatycznie daje nam trzydniowy weekend (4-6 stycznia).<\/p>\n\n\n\n<h2 class=\"wp-block-heading\"><span class=\"ez-toc-section\" id=\"Majowka-2025\"><\/span>Maj\u00f3wka 2025<span class=\"ez-toc-section-end\"><\/span><\/h2>\n\n\n\n<p>Wyj\u0105tkowo korzystny uk\u0142ad &#8211; 1 maja wypada w czwartek. Bior\u0105c jeden dzie\u0144 urlopu (2 maja), zyskujemy 4 dni wolnego.<\/p>\n\n\n\n<h2 class=\"wp-block-heading\"><span class=\"ez-toc-section\" id=\"Czerwiec-2025\"><\/span>Czerwiec 2025<span class=\"ez-toc-section-end\"><\/span><\/h2>\n\n\n\n<p>Bo\u017ce Cia\u0142o przypada 19 czerwca (czwartek). Wystarczy wzi\u0105\u0107 urlop w pi\u0105tek, aby cieszy\u0107 si\u0119 czterodniowym weekendem.<\/p>\n\n\n\n<h2 class=\"wp-block-heading\"><span class=\"ez-toc-section\" id=\"Sierpien-2025\"><\/span>Sierpie\u0144 2025<span class=\"ez-toc-section-end\"><\/span><\/h2>\n\n\n\n<p>\u015awi\u0119to Wniebowzi\u0119cia NMP wypada w pi\u0105tek 15 sierpnia, daj\u0105c nam naturalny d\u0142ugi weekend.<\/p>\n\n\n\n<h2 class=\"wp-block-heading\"><span class=\"ez-toc-section\" id=\"Grudzien-2025\"><\/span>Grudzie\u0144 2025<span class=\"ez-toc-section-end\"><\/span><\/h2>\n\n\n\n<p>Szczeg\u00f3lnie atrakcyjny okres \u015bwi\u0105teczny &#8211; z uwagi na nowy dzie\u0144 wolny (Wigilia) oraz korzystny uk\u0142ad \u015bwi\u0105t Bo\u017cego Narodzenia mo\u017cemy cieszy\u0107 si\u0119 pi\u0119ciodniowym okresem wolnym (24-28 grudnia).<\/p>\n\n\n\n<h2 class=\"wp-block-heading\"><span class=\"ez-toc-section\" id=\"Dni-ustawowo-wolne-od-pracy-a-turystyka\"><\/span>Dni ustawowo wolne od pracy a turystyka<span class=\"ez-toc-section-end\"><\/span><\/h2>\n\n\n\n<p>Planuj\u0105c urlop w 2025 roku, warto zwr\u00f3ci\u0107 szczeg\u00f3ln\u0105 uwag\u0119 na okresy oko\u0142o\u015bwi\u0105teczne, kt\u00f3re dzi\u0119ki korzystnemu uk\u0142adowi kalendarza pozwalaj\u0105 na d\u0142u\u017cszy wypoczynek przy wykorzystaniu minimalnej liczby dni urlopowych. Nale\u017cy jednak pami\u0119ta\u0107 o wcze\u015bniejszej rezerwacji nocleg\u00f3w i bilet\u00f3w, gdy\u017c w tych okresach ceny mog\u0105 by\u0107 znacz\u0105co wy\u017csze.<\/p>\n","protected":false},"excerpt":{"rendered":"<p>Warto ju\u017c teraz zaplanowa\u0107 sw\u00f3j urlop na rok 2025, kt\u00f3ry przyniesie a\u017c 116 dni wolnych od pracy. W tym roku czeka nas kilka wyj\u0105tkowo korzystnych uk\u0142ad\u00f3w \u015bwi\u0105t, kt\u00f3re umo\u017cliwi\u0105 d\u0142u\u017cszy wypoczynek. Kalendarz dni wolnych od pracy 2025 W roku 2025[&#8230;]<\/p>\n","protected":false},"author":2,"featured_media":30,"comment_status":"closed","ping_status":"closed","sticky":false,"template":"","format":"standard","meta":{"_yoast_wpseo_title":"","_yoast_wpseo_metadesc":"Ju\u017c teraz warto zacz\u0105\u0107 planowa\u0107 sw\u00f3j urlop na rok 2025, gdy\u017c b\u0119dzie on obfitowa\u0142 w wiele dni wolnych od pracy.","rank_math_title":"","_aioseo_title":"","footnotes":""},"categories":[1],"tags":[],"class_list":["post-29","post","type-post","status-publish","format-standard","has-post-thumbnail","hentry","category-porady"],"yoast_head":"<!-- This site is optimized with the Yoast SEO plugin v26.7 - https:\/\/yoast.com\/wordpress\/plugins\/seo\/ -->\n<title>Dni wolne od pracy w 2025 roku \u2013 zaplanuj wakacje z wyprzedzeniem - Szeruj.pl<\/title>\n<meta name=\"description\" content=\"Ju\u017c teraz warto zacz\u0105\u0107 planowa\u0107 sw\u00f3j urlop na rok 2025, gdy\u017c b\u0119dzie on obfitowa\u0142 w wiele dni wolnych od pracy.\" \/>\n<meta name=\"robots\" content=\"index, follow, max-snippet:-1, max-image-preview:large, max-video-preview:-1\" \/>\n<link rel=\"canonical\" href=\"https:\/\/szeruj.pl\/blog\/dni-wolne-od-pracy-swieta\/\" \/>\n<meta property=\"og:locale\" content=\"pl_PL\" \/>\n<meta property=\"og:type\" content=\"article\" \/>\n<meta property=\"og:title\" content=\"Dni wolne od pracy w 2025 roku \u2013 zaplanuj wakacje z wyprzedzeniem - Szeruj.pl\" \/>\n<meta property=\"og:description\" content=\"Ju\u017c teraz warto zacz\u0105\u0107 planowa\u0107 sw\u00f3j urlop na rok 2025, gdy\u017c b\u0119dzie on obfitowa\u0142 w wiele dni wolnych od pracy.\" \/>\n<meta property=\"og:url\" content=\"https:\/\/szeruj.pl\/blog\/dni-wolne-od-pracy-swieta\/\" \/>\n<meta property=\"og:site_name\" content=\"Blog - Szeruj.pl\" \/>\n<meta property=\"article:published_time\" content=\"2025-04-04T08:57:00+00:00\" \/>\n<meta property=\"article:modified_time\" content=\"2025-04-15T11:57:03+00:00\" \/>\n<meta property=\"og:image\" content=\"https:\/\/szeruj.pl\/blog\/wp-content\/uploads\/2023\/03\/dni-wolne-od-pracy.jpg\" \/>\n\t<meta property=\"og:image:width\" content=\"730\" \/>\n\t<meta property=\"og:image:height\" content=\"486\" \/>\n\t<meta property=\"og:image:type\" content=\"image\/jpeg\" \/>\n<meta name=\"author\" content=\"Redakcja\" \/>\n<meta name=\"twitter:card\" content=\"summary_large_image\" \/>\n<meta name=\"twitter:label1\" content=\"Napisane przez\" \/>\n\t<meta name=\"twitter:data1\" content=\"Redakcja\" \/>\n\t<meta name=\"twitter:label2\" content=\"Szacowany czas czytania\" \/>\n\t<meta name=\"twitter:data2\" content=\"2 minuty\" \/>\n<script type=\"application\/ld+json\" class=\"yoast-schema-graph\">{\"@context\":\"https:\/\/schema.org\",\"@graph\":[{\"@type\":\"Article\",\"@id\":\"https:\/\/szeruj.pl\/blog\/dni-wolne-od-pracy-swieta\/#article\",\"isPartOf\":{\"@id\":\"https:\/\/szeruj.pl\/blog\/dni-wolne-od-pracy-swieta\/\"},\"author\":{\"name\":\"Redakcja\",\"@id\":\"https:\/\/szeruj.pl\/blog\/#\/schema\/person\/4e03440c3e7541b9b7bdeb41ee7ba74d\"},\"headline\":\"Dni wolne od pracy w 2025 roku \u2013 zaplanuj wakacje z wyprzedzeniem\",\"datePublished\":\"2025-04-04T08:57:00+00:00\",\"dateModified\":\"2025-04-15T11:57:03+00:00\",\"mainEntityOfPage\":{\"@id\":\"https:\/\/szeruj.pl\/blog\/dni-wolne-od-pracy-swieta\/\"},\"wordCount\":334,\"publisher\":{\"@id\":\"https:\/\/szeruj.pl\/blog\/#organization\"},\"image\":{\"@id\":\"https:\/\/szeruj.pl\/blog\/dni-wolne-od-pracy-swieta\/#primaryimage\"},\"thumbnailUrl\":\"https:\/\/szeruj.pl\/blog\/wp-content\/uploads\/2023\/03\/dni-wolne-od-pracy.jpg\",\"articleSection\":[\"Porady\"],\"inLanguage\":\"pl-PL\"},{\"@type\":\"WebPage\",\"@id\":\"https:\/\/szeruj.pl\/blog\/dni-wolne-od-pracy-swieta\/\",\"url\":\"https:\/\/szeruj.pl\/blog\/dni-wolne-od-pracy-swieta\/\",\"name\":\"Dni wolne od pracy w 2025 roku \u2013 zaplanuj wakacje z wyprzedzeniem - Szeruj.pl\",\"isPartOf\":{\"@id\":\"https:\/\/szeruj.pl\/blog\/#website\"},\"primaryImageOfPage\":{\"@id\":\"https:\/\/szeruj.pl\/blog\/dni-wolne-od-pracy-swieta\/#primaryimage\"},\"image\":{\"@id\":\"https:\/\/szeruj.pl\/blog\/dni-wolne-od-pracy-swieta\/#primaryimage\"},\"thumbnailUrl\":\"https:\/\/szeruj.pl\/blog\/wp-content\/uploads\/2023\/03\/dni-wolne-od-pracy.jpg\",\"datePublished\":\"2025-04-04T08:57:00+00:00\",\"dateModified\":\"2025-04-15T11:57:03+00:00\",\"description\":\"Ju\u017c teraz warto zacz\u0105\u0107 planowa\u0107 sw\u00f3j urlop na rok 2025, gdy\u017c b\u0119dzie on obfitowa\u0142 w wiele dni wolnych od pracy.\",\"breadcrumb\":{\"@id\":\"https:\/\/szeruj.pl\/blog\/dni-wolne-od-pracy-swieta\/#breadcrumb\"},\"inLanguage\":\"pl-PL\",\"potentialAction\":[{\"@type\":\"ReadAction\",\"target\":[\"https:\/\/szeruj.pl\/blog\/dni-wolne-od-pracy-swieta\/\"]}]},{\"@type\":\"ImageObject\",\"inLanguage\":\"pl-PL\",\"@id\":\"https:\/\/szeruj.pl\/blog\/dni-wolne-od-pracy-swieta\/#primaryimage\",\"url\":\"https:\/\/szeruj.pl\/blog\/wp-content\/uploads\/2023\/03\/dni-wolne-od-pracy.jpg\",\"contentUrl\":\"https:\/\/szeruj.pl\/blog\/wp-content\/uploads\/2023\/03\/dni-wolne-od-pracy.jpg\",\"width\":730,\"height\":486,\"caption\":\"dni wolne od pracy\"},{\"@type\":\"BreadcrumbList\",\"@id\":\"https:\/\/szeruj.pl\/blog\/dni-wolne-od-pracy-swieta\/#breadcrumb\",\"itemListElement\":[{\"@type\":\"ListItem\",\"position\":1,\"name\":\"Strona g\u0142\u00f3wna\",\"item\":\"https:\/\/szeruj.pl\/blog\/\"},{\"@type\":\"ListItem\",\"position\":2,\"name\":\"Dni wolne od pracy w 2025 roku \u2013 zaplanuj wakacje z wyprzedzeniem\"}]},{\"@type\":\"WebSite\",\"@id\":\"https:\/\/szeruj.pl\/blog\/#website\",\"url\":\"https:\/\/szeruj.pl\/blog\/\",\"name\":\"Blog - Szeruj.pl\",\"description\":\"\",\"publisher\":{\"@id\":\"https:\/\/szeruj.pl\/blog\/#organization\"},\"potentialAction\":[{\"@type\":\"SearchAction\",\"target\":{\"@type\":\"EntryPoint\",\"urlTemplate\":\"https:\/\/szeruj.pl\/blog\/?s={search_term_string}\"},\"query-input\":{\"@type\":\"PropertyValueSpecification\",\"valueRequired\":true,\"valueName\":\"search_term_string\"}}],\"inLanguage\":\"pl-PL\"},{\"@type\":\"Organization\",\"@id\":\"https:\/\/szeruj.pl\/blog\/#organization\",\"name\":\"Blog - Szeruj.pl\",\"url\":\"https:\/\/szeruj.pl\/blog\/\",\"logo\":{\"@type\":\"ImageObject\",\"inLanguage\":\"pl-PL\",\"@id\":\"https:\/\/szeruj.pl\/blog\/#\/schema\/logo\/image\/\",\"url\":\"https:\/\/szeruj.pl\/blog\/wp-content\/uploads\/2023\/03\/szeruj-logo.png\",\"contentUrl\":\"https:\/\/szeruj.pl\/blog\/wp-content\/uploads\/2023\/03\/szeruj-logo.png\",\"width\":150,\"height\":61,\"caption\":\"Blog - Szeruj.pl\"},\"image\":{\"@id\":\"https:\/\/szeruj.pl\/blog\/#\/schema\/logo\/image\/\"}},{\"@type\":\"Person\",\"@id\":\"https:\/\/szeruj.pl\/blog\/#\/schema\/person\/4e03440c3e7541b9b7bdeb41ee7ba74d\",\"name\":\"Redakcja\",\"image\":{\"@type\":\"ImageObject\",\"inLanguage\":\"pl-PL\",\"@id\":\"https:\/\/szeruj.pl\/blog\/#\/schema\/person\/image\/\",\"url\":\"https:\/\/secure.gravatar.com\/avatar\/a5250c1022aec79e02b48dcb67bf0fdc94a3ad542051ad0479e7d115777f5e7b?s=96&d=mm&r=g\",\"contentUrl\":\"https:\/\/secure.gravatar.com\/avatar\/a5250c1022aec79e02b48dcb67bf0fdc94a3ad542051ad0479e7d115777f5e7b?s=96&d=mm&r=g\",\"caption\":\"Redakcja\"},\"url\":\"https:\/\/szeruj.pl\/blog\/author\/redakcja-szeruj-pl\/\"}]}<\/script>\n<!-- \/ Yoast SEO plugin. -->","yoast_head_json":{"title":"Dni wolne od pracy w 2025 roku \u2013 zaplanuj wakacje z wyprzedzeniem - Szeruj.pl","description":"Ju\u017c teraz warto zacz\u0105\u0107 planowa\u0107 sw\u00f3j urlop na rok 2025, gdy\u017c b\u0119dzie on obfitowa\u0142 w wiele dni wolnych od pracy.","robots":{"index":"index","follow":"follow","max-snippet":"max-snippet:-1","max-image-preview":"max-image-preview:large","max-video-preview":"max-video-preview:-1"},"canonical":"https:\/\/szeruj.pl\/blog\/dni-wolne-od-pracy-swieta\/","og_locale":"pl_PL","og_type":"article","og_title":"Dni wolne od pracy w 2025 roku \u2013 zaplanuj wakacje z wyprzedzeniem - Szeruj.pl","og_description":"Ju\u017c teraz warto zacz\u0105\u0107 planowa\u0107 sw\u00f3j urlop na rok 2025, gdy\u017c b\u0119dzie on obfitowa\u0142 w wiele dni wolnych od pracy.","og_url":"https:\/\/szeruj.pl\/blog\/dni-wolne-od-pracy-swieta\/","og_site_name":"Blog - Szeruj.pl","article_published_time":"2025-04-04T08:57:00+00:00","article_modified_time":"2025-04-15T11:57:03+00:00","og_image":[{"width":730,"height":486,"url":"https:\/\/szeruj.pl\/blog\/wp-content\/uploads\/2023\/03\/dni-wolne-od-pracy.jpg","type":"image\/jpeg"}],"author":"Redakcja","twitter_card":"summary_large_image","twitter_misc":{"Napisane przez":"Redakcja","Szacowany czas czytania":"2 minuty"},"schema":{"@context":"https:\/\/schema.org","@graph":[{"@type":"Article","@id":"https:\/\/szeruj.pl\/blog\/dni-wolne-od-pracy-swieta\/#article","isPartOf":{"@id":"https:\/\/szeruj.pl\/blog\/dni-wolne-od-pracy-swieta\/"},"author":{"name":"Redakcja","@id":"https:\/\/szeruj.pl\/blog\/#\/schema\/person\/4e03440c3e7541b9b7bdeb41ee7ba74d"},"headline":"Dni wolne od pracy w 2025 roku \u2013 zaplanuj wakacje z wyprzedzeniem","datePublished":"2025-04-04T08:57:00+00:00","dateModified":"2025-04-15T11:57:03+00:00","mainEntityOfPage":{"@id":"https:\/\/szeruj.pl\/blog\/dni-wolne-od-pracy-swieta\/"},"wordCount":334,"publisher":{"@id":"https:\/\/szeruj.pl\/blog\/#organization"},"image":{"@id":"https:\/\/szeruj.pl\/blog\/dni-wolne-od-pracy-swieta\/#primaryimage"},"thumbnailUrl":"https:\/\/szeruj.pl\/blog\/wp-content\/uploads\/2023\/03\/dni-wolne-od-pracy.jpg","articleSection":["Porady"],"inLanguage":"pl-PL"},{"@type":"WebPage","@id":"https:\/\/szeruj.pl\/blog\/dni-wolne-od-pracy-swieta\/","url":"https:\/\/szeruj.pl\/blog\/dni-wolne-od-pracy-swieta\/","name":"Dni wolne od pracy w 2025 roku \u2013 zaplanuj wakacje z wyprzedzeniem - Szeruj.pl","isPartOf":{"@id":"https:\/\/szeruj.pl\/blog\/#website"},"primaryImageOfPage":{"@id":"https:\/\/szeruj.pl\/blog\/dni-wolne-od-pracy-swieta\/#primaryimage"},"image":{"@id":"https:\/\/szeruj.pl\/blog\/dni-wolne-od-pracy-swieta\/#primaryimage"},"thumbnailUrl":"https:\/\/szeruj.pl\/blog\/wp-content\/uploads\/2023\/03\/dni-wolne-od-pracy.jpg","datePublished":"2025-04-04T08:57:00+00:00","dateModified":"2025-04-15T11:57:03+00:00","description":"Ju\u017c teraz warto zacz\u0105\u0107 planowa\u0107 sw\u00f3j urlop na rok 2025, gdy\u017c b\u0119dzie on obfitowa\u0142 w wiele dni wolnych od pracy.","breadcrumb":{"@id":"https:\/\/szeruj.pl\/blog\/dni-wolne-od-pracy-swieta\/#breadcrumb"},"inLanguage":"pl-PL","potentialAction":[{"@type":"ReadAction","target":["https:\/\/szeruj.pl\/blog\/dni-wolne-od-pracy-swieta\/"]}]},{"@type":"ImageObject","inLanguage":"pl-PL","@id":"https:\/\/szeruj.pl\/blog\/dni-wolne-od-pracy-swieta\/#primaryimage","url":"https:\/\/szeruj.pl\/blog\/wp-content\/uploads\/2023\/03\/dni-wolne-od-pracy.jpg","contentUrl":"https:\/\/szeruj.pl\/blog\/wp-content\/uploads\/2023\/03\/dni-wolne-od-pracy.jpg","width":730,"height":486,"caption":"dni wolne od pracy"},{"@type":"BreadcrumbList","@id":"https:\/\/szeruj.pl\/blog\/dni-wolne-od-pracy-swieta\/#breadcrumb","itemListElement":[{"@type":"ListItem","position":1,"name":"Strona g\u0142\u00f3wna","item":"https:\/\/szeruj.pl\/blog\/"},{"@type":"ListItem","position":2,"name":"Dni wolne od pracy w 2025 roku \u2013 zaplanuj wakacje z wyprzedzeniem"}]},{"@type":"WebSite","@id":"https:\/\/szeruj.pl\/blog\/#website","url":"https:\/\/szeruj.pl\/blog\/","name":"Blog - Szeruj.pl","description":"","publisher":{"@id":"https:\/\/szeruj.pl\/blog\/#organization"},"potentialAction":[{"@type":"SearchAction","target":{"@type":"EntryPoint","urlTemplate":"https:\/\/szeruj.pl\/blog\/?s={search_term_string}"},"query-input":{"@type":"PropertyValueSpecification","valueRequired":true,"valueName":"search_term_string"}}],"inLanguage":"pl-PL"},{"@type":"Organization","@id":"https:\/\/szeruj.pl\/blog\/#organization","name":"Blog - Szeruj.pl","url":"https:\/\/szeruj.pl\/blog\/","logo":{"@type":"ImageObject","inLanguage":"pl-PL","@id":"https:\/\/szeruj.pl\/blog\/#\/schema\/logo\/image\/","url":"https:\/\/szeruj.pl\/blog\/wp-content\/uploads\/2023\/03\/szeruj-logo.png","contentUrl":"https:\/\/szeruj.pl\/blog\/wp-content\/uploads\/2023\/03\/szeruj-logo.png","width":150,"height":61,"caption":"Blog - Szeruj.pl"},"image":{"@id":"https:\/\/szeruj.pl\/blog\/#\/schema\/logo\/image\/"}},{"@type":"Person","@id":"https:\/\/szeruj.pl\/blog\/#\/schema\/person\/4e03440c3e7541b9b7bdeb41ee7ba74d","name":"Redakcja","image":{"@type":"ImageObject","inLanguage":"pl-PL","@id":"https:\/\/szeruj.pl\/blog\/#\/schema\/person\/image\/","url":"https:\/\/secure.gravatar.com\/avatar\/a5250c1022aec79e02b48dcb67bf0fdc94a3ad542051ad0479e7d115777f5e7b?s=96&d=mm&r=g","contentUrl":"https:\/\/secure.gravatar.com\/avatar\/a5250c1022aec79e02b48dcb67bf0fdc94a3ad542051ad0479e7d115777f5e7b?s=96&d=mm&r=g","caption":"Redakcja"},"url":"https:\/\/szeruj.pl\/blog\/author\/redakcja-szeruj-pl\/"}]}},"_links":{"self":[{"href":"https:\/\/szeruj.pl\/blog\/wp-json\/wp\/v2\/posts\/29","targetHints":{"allow":["GET"]}}],"collection":[{"href":"https:\/\/szeruj.pl\/blog\/wp-json\/wp\/v2\/posts"}],"about":[{"href":"https:\/\/szeruj.pl\/blog\/wp-json\/wp\/v2\/types\/post"}],"author":[{"embeddable":true,"href":"https:\/\/szeruj.pl\/blog\/wp-json\/wp\/v2\/users\/2"}],"replies":[{"embeddable":true,"href":"https:\/\/szeruj.pl\/blog\/wp-json\/wp\/v2\/comments?post=29"}],"version-history":[{"count":2,"href":"https:\/\/szeruj.pl\/blog\/wp-json\/wp\/v2\/posts\/29\/revisions"}],"predecessor-version":[{"id":308,"href":"https:\/\/szeruj.pl\/blog\/wp-json\/wp\/v2\/posts\/29\/revisions\/308"}],"wp:featuredmedia":[{"embeddable":true,"href":"https:\/\/szeruj.pl\/blog\/wp-json\/wp\/v2\/media\/30"}],"wp:attachment":[{"href":"https:\/\/szeruj.pl\/blog\/wp-json\/wp\/v2\/media?parent=29"}],"wp:term":[{"taxonomy":"category","embeddable":true,"href":"https:\/\/szeruj.pl\/blog\/wp-json\/wp\/v2\/categories?post=29"},{"taxonomy":"post_tag","embeddable":true,"href":"https:\/\/szeruj.pl\/blog\/wp-json\/wp\/v2\/tags?post=29"}],"curies":[{"name":"wp","href":"https:\/\/api.w.org\/{rel}","templated":true}]}}