{"id":32,"date":"2025-01-19T09:02:00","date_gmt":"2025-01-19T09:02:00","guid":{"rendered":"https:\/\/szeruj.pl\/blog\/?p=32"},"modified":"2025-01-20T19:45:27","modified_gmt":"2025-01-20T19:45:27","slug":"wymiar-czasu-pracy-liczba-godzin","status":"publish","type":"post","link":"https:\/\/szeruj.pl\/blog\/wymiar-czasu-pracy-liczba-godzin\/","title":{"rendered":"Wymiar czasu pracy w Polsce w 2025 roku &#8211; liczba godzin pracy w poszczeg\u00f3lnych miesi\u0105cach"},"content":{"rendered":"\n<p>Wraz z pocz\u0105tkiem 2025 roku w Polsce obowi\u0105zuje nowy wymiar czasu pracy. Zgodnie z przepisami pracownicy zatrudnieni na etat musz\u0105 pracowa\u0107 8 godzin dziennie i 40 godzin w tygodniu. \u0141\u0105cznie przepracujemy w tym roku 2000 godzin. Jest to o 8 godzin mniej ni\u017c w roku 2024. Ilo\u015b\u0107 godzin pracy w poszczeg\u00f3lnych miesi\u0105cach b\u0119dzie r\u00f3\u017cna i zale\u017cna od liczby dni roboczych w danym miesi\u0105cu.<\/p><div id=\"ez-toc-container\" class=\"ez-toc-v2_0_80 counter-hierarchy ez-toc-counter ez-toc-grey ez-toc-container-direction\">\n<div class=\"ez-toc-title-container\">\n<p class=\"ez-toc-title\" style=\"cursor:inherit\">Spis tre\u015bci<\/p>\n<span class=\"ez-toc-title-toggle\"><a href=\"#\" class=\"ez-toc-pull-right ez-toc-btn ez-toc-btn-xs ez-toc-btn-default ez-toc-toggle\" aria-label=\"Prze\u0142\u0105cznik Spisu Tre\u015bci\"><span class=\"ez-toc-js-icon-con\"><span class=\"\"><span class=\"eztoc-hide\" style=\"display:none;\">Toggle<\/span><span class=\"ez-toc-icon-toggle-span\"><svg style=\"fill: #999;color:#999\" xmlns=\"http:\/\/www.w3.org\/2000\/svg\" class=\"list-377408\" width=\"20px\" height=\"20px\" viewBox=\"0 0 24 24\" fill=\"none\"><path d=\"M6 6H4v2h2V6zm14 0H8v2h12V6zM4 11h2v2H4v-2zm16 0H8v2h12v-2zM4 16h2v2H4v-2zm16 0H8v2h12v-2z\" fill=\"currentColor\"><\/path><\/svg><svg style=\"fill: #999;color:#999\" class=\"arrow-unsorted-368013\" xmlns=\"http:\/\/www.w3.org\/2000\/svg\" width=\"10px\" height=\"10px\" viewBox=\"0 0 24 24\" version=\"1.2\" baseProfile=\"tiny\"><path d=\"M18.2 9.3l-6.2-6.3-6.2 6.3c-.2.2-.3.4-.3.7s.1.5.3.7c.2.2.4.3.7.3h11c.3 0 .5-.1.7-.3.2-.2.3-.5.3-.7s-.1-.5-.3-.7zM5.8 14.7l6.2 6.3 6.2-6.3c.2-.2.3-.5.3-.7s-.1-.5-.3-.7c-.2-.2-.4-.3-.7-.3h-11c-.3 0-.5.1-.7.3-.2.2-.3.5-.3.7s.1.5.3.7z\"\/><\/svg><\/span><\/span><\/span><\/a><\/span><\/div>\n<nav><ul class='ez-toc-list ez-toc-list-level-1 ' ><li class='ez-toc-page-1 ez-toc-heading-level-2'><a class=\"ez-toc-link ez-toc-heading-1\" href=\"https:\/\/szeruj.pl\/blog\/wymiar-czasu-pracy-liczba-godzin\/#Wymiar-czasu-pracy-w-poszczegolnych-miesiacach-2025\" >Wymiar czasu pracy w poszczeg\u00f3lnych miesi\u0105cach 2025<\/a><\/li><li class='ez-toc-page-1 ez-toc-heading-level-2'><a class=\"ez-toc-link ez-toc-heading-2\" href=\"https:\/\/szeruj.pl\/blog\/wymiar-czasu-pracy-liczba-godzin\/#Wazne-zmiany-w-2025-roku\" >Wa\u017cne zmiany w 2025 roku<\/a><ul class='ez-toc-list-level-3' ><li class='ez-toc-heading-level-3'><a class=\"ez-toc-link ez-toc-heading-3\" href=\"https:\/\/szeruj.pl\/blog\/wymiar-czasu-pracy-liczba-godzin\/#Nowy-dzien-wolny-od-pracy\" >Nowy dzie\u0144 wolny od pracy<\/a><\/li><li class='ez-toc-page-1 ez-toc-heading-level-3'><a class=\"ez-toc-link ez-toc-heading-4\" href=\"https:\/\/szeruj.pl\/blog\/wymiar-czasu-pracy-liczba-godzin\/#Swieta-w-soboty\" >\u015awi\u0119ta w soboty<\/a><\/li><\/ul><\/li><li class='ez-toc-page-1 ez-toc-heading-level-2'><a class=\"ez-toc-link ez-toc-heading-5\" href=\"https:\/\/szeruj.pl\/blog\/wymiar-czasu-pracy-liczba-godzin\/#Nadgodziny-i-wynagrodzenie\" >Nadgodziny i wynagrodzenie<\/a><\/li><li class='ez-toc-page-1 ez-toc-heading-level-2'><a class=\"ez-toc-link ez-toc-heading-6\" href=\"https:\/\/szeruj.pl\/blog\/wymiar-czasu-pracy-liczba-godzin\/#Okresy-rozliczeniowe\" >Okresy rozliczeniowe<\/a><\/li><\/ul><\/nav><\/div>\n\n\n\n\n<h2 class=\"wp-block-heading\"><span class=\"ez-toc-section\" id=\"Wymiar-czasu-pracy-w-poszczegolnych-miesiacach-2025\"><\/span>Wymiar czasu pracy w poszczeg\u00f3lnych miesi\u0105cach 2025<span class=\"ez-toc-section-end\"><\/span><\/h2>\n\n\n\n<ul class=\"wp-block-list\">\n<li><strong>Stycze\u0144<\/strong>: 168 godzin (21 dni pracuj\u0105cych),<\/li>\n\n\n\n<li><strong>Luty<\/strong>: 160 godzin (20 dni pracuj\u0105cych),<\/li>\n\n\n\n<li><strong>Marzec<\/strong>: 168 godzin (21 dni pracuj\u0105cych),<\/li>\n\n\n\n<li><strong>Kwiecie\u0144<\/strong>: 168 godzin (21 dni pracuj\u0105cych),<\/li>\n\n\n\n<li><strong>Maj<\/strong>: 160 godzin (20 dni pracuj\u0105cych),<\/li>\n\n\n\n<li><strong>Czerwiec<\/strong>: 160 godzin (20 dni pracuj\u0105cych),<\/li>\n\n\n\n<li><strong>Lipiec<\/strong>: 184 godziny (23 dni pracuj\u0105ce),<\/li>\n\n\n\n<li><strong>Sierpie\u0144<\/strong>: 160 godzin (20 dni pracuj\u0105cych),<\/li>\n\n\n\n<li><strong>Wrzesie\u0144<\/strong>: 176 godzin (22 dni pracuj\u0105ce),<\/li>\n\n\n\n<li><strong>Pa\u017adziernik<\/strong>: 184 godziny (23 dni pracuj\u0105ce),<\/li>\n\n\n\n<li><strong>Listopad<\/strong>: 144 godziny (18 dni pracuj\u0105cych),<\/li>\n\n\n\n<li><strong>Grudzie\u0144<\/strong>: 168 godzin (21 dni pracuj\u0105cych).<\/li>\n<\/ul>\n\n\n\n<h2 class=\"wp-block-heading\"><span class=\"ez-toc-section\" id=\"Wazne-zmiany-w-2025-roku\"><\/span>Wa\u017cne zmiany w 2025 roku<span class=\"ez-toc-section-end\"><\/span><\/h2>\n\n\n\n<h3 class=\"wp-block-heading\"><span class=\"ez-toc-section\" id=\"Nowy-dzien-wolny-od-pracy\"><\/span>Nowy dzie\u0144 wolny od pracy<span class=\"ez-toc-section-end\"><\/span><\/h3>\n\n\n\n<p>Od 2025 roku Wigilia (24 grudnia) b\u0119dzie ustawowo wolnym dniem od pracy. \u0141\u0105cznie w 2025 roku b\u0119dzie 14 dni ustawowo wolnych od pracy.<\/p>\n\n\n\n<h3 class=\"wp-block-heading\"><span class=\"ez-toc-section\" id=\"Swieta-w-soboty\"><\/span>\u015awi\u0119ta w soboty<span class=\"ez-toc-section-end\"><\/span><\/h3>\n\n\n\n<p>W 2025 roku dwa \u015bwi\u0119ta przypadn\u0105 w sobot\u0119:<\/p>\n\n\n\n<ul class=\"wp-block-list\">\n<li>\u015awi\u0119to Konstytucji 3 Maja,<\/li>\n\n\n\n<li>Wszystkich \u015awi\u0119tych (1 listopada).<\/li>\n<\/ul>\n\n\n\n<p>Za \u015bwi\u0119ta przypadaj\u0105ce w sobot\u0119 pracownikowi przys\u0142uguje dodatkowy dzie\u0144 wolny.<\/p>\n\n\n\n<h2 class=\"wp-block-heading\"><span class=\"ez-toc-section\" id=\"Nadgodziny-i-wynagrodzenie\"><\/span>Nadgodziny i wynagrodzenie<span class=\"ez-toc-section-end\"><\/span><\/h2>\n\n\n\n<p>Za prac\u0119 w godzinach nadliczbowych przys\u0142uguje dodatek w wysoko\u015bci:<\/p>\n\n\n\n<ul class=\"wp-block-list\">\n<li>100% wynagrodzenia za prac\u0119 w nocy, niedziele, \u015bwi\u0119ta oraz <a href=\"https:\/\/szeruj.pl\/blog\/dni-wolne-od-pracy-swieta\/\">dni wolne od pracy<\/a>,<\/li>\n\n\n\n<li>50% wynagrodzenia za prac\u0119 w pozosta\u0142e dni.<\/li>\n<\/ul>\n\n\n\n<p>Roczny limit nadgodzin wynosi standardowo 150 godzin, jednak mo\u017ce zosta\u0107 zwi\u0119kszony w regulaminie pracy lub umowie o prac\u0119.<\/p>\n\n\n\n<h2 class=\"wp-block-heading\"><span class=\"ez-toc-section\" id=\"Okresy-rozliczeniowe\"><\/span>Okresy rozliczeniowe<span class=\"ez-toc-section-end\"><\/span><\/h2>\n\n\n\n<p>W przypadku 3-miesi\u0119cznego okresu rozliczeniowego, wymiar czasu pracy w 2025 roku wynosi:<\/p>\n\n\n\n<ul class=\"wp-block-list\">\n<li>I kwarta\u0142 (stycze\u0144-marzec): 496 godzin,<\/li>\n\n\n\n<li>II kwarta\u0142 (kwiecie\u0144-czerwiec): 488 godzin,<\/li>\n\n\n\n<li>III kwarta\u0142 (lipiec-wrzesie\u0144): 520 godzin,<\/li>\n\n\n\n<li>IV kwarta\u0142 (pa\u017adziernik-grudzie\u0144): 488 godzin.<\/li>\n<\/ul>\n","protected":false},"excerpt":{"rendered":"<p>Wraz z pocz\u0105tkiem 2025 roku w Polsce obowi\u0105zuje nowy wymiar czasu pracy. Zgodnie z przepisami pracownicy zatrudnieni na etat musz\u0105 pracowa\u0107 8 godzin dziennie i 40 godzin w tygodniu. \u0141\u0105cznie przepracujemy w tym roku 2000 godzin. Jest to o 8[&#8230;]<\/p>\n","protected":false},"author":2,"featured_media":33,"comment_status":"closed","ping_status":"closed","sticky":false,"template":"","format":"standard","meta":{"_yoast_wpseo_title":"","_yoast_wpseo_metadesc":"Wraz z pocz\u0105tkiem 2025 roku w Polsce obowi\u0105zuje nowy wymiar czasu pracy. Jak wygl\u0105da rozk\u0142ad czasu pracy w poszczeg\u00f3lnych miesi\u0105cach?","rank_math_title":"","_aioseo_title":"","footnotes":""},"categories":[1],"tags":[],"class_list":["post-32","post","type-post","status-publish","format-standard","has-post-thumbnail","hentry","category-porady"],"yoast_head":"<!-- This site is optimized with the Yoast SEO plugin v26.7 - https:\/\/yoast.com\/wordpress\/plugins\/seo\/ -->\n<title>Wymiar czasu pracy w Polsce w 2025 roku - liczba godzin pracy w poszczeg\u00f3lnych miesi\u0105cach - Szeruj.pl<\/title>\n<meta name=\"description\" content=\"Wraz z pocz\u0105tkiem 2025 roku w Polsce obowi\u0105zuje nowy wymiar czasu pracy. Jak wygl\u0105da rozk\u0142ad czasu pracy w poszczeg\u00f3lnych miesi\u0105cach?\" \/>\n<meta name=\"robots\" content=\"index, follow, max-snippet:-1, max-image-preview:large, max-video-preview:-1\" \/>\n<link rel=\"canonical\" href=\"https:\/\/szeruj.pl\/blog\/wymiar-czasu-pracy-liczba-godzin\/\" \/>\n<meta property=\"og:locale\" content=\"pl_PL\" \/>\n<meta property=\"og:type\" content=\"article\" \/>\n<meta property=\"og:title\" content=\"Wymiar czasu pracy w Polsce w 2025 roku - liczba godzin pracy w poszczeg\u00f3lnych miesi\u0105cach - Szeruj.pl\" \/>\n<meta property=\"og:description\" content=\"Wraz z pocz\u0105tkiem 2025 roku w Polsce obowi\u0105zuje nowy wymiar czasu pracy. Jak wygl\u0105da rozk\u0142ad czasu pracy w poszczeg\u00f3lnych miesi\u0105cach?\" \/>\n<meta property=\"og:url\" content=\"https:\/\/szeruj.pl\/blog\/wymiar-czasu-pracy-liczba-godzin\/\" \/>\n<meta property=\"og:site_name\" content=\"Blog - Szeruj.pl\" \/>\n<meta property=\"article:published_time\" content=\"2025-01-19T09:02:00+00:00\" \/>\n<meta property=\"article:modified_time\" content=\"2025-01-20T19:45:27+00:00\" \/>\n<meta property=\"og:image\" content=\"https:\/\/szeruj.pl\/blog\/wp-content\/uploads\/2023\/03\/wymiar-czasu-pracy.jpg\" \/>\n\t<meta property=\"og:image:width\" content=\"730\" \/>\n\t<meta property=\"og:image:height\" content=\"486\" \/>\n\t<meta property=\"og:image:type\" content=\"image\/jpeg\" \/>\n<meta name=\"author\" content=\"Redakcja\" \/>\n<meta name=\"twitter:card\" content=\"summary_large_image\" \/>\n<meta name=\"twitter:label1\" content=\"Napisane przez\" \/>\n\t<meta name=\"twitter:data1\" content=\"Redakcja\" \/>\n\t<meta name=\"twitter:label2\" content=\"Szacowany czas czytania\" \/>\n\t<meta name=\"twitter:data2\" content=\"2 minuty\" \/>\n<script type=\"application\/ld+json\" class=\"yoast-schema-graph\">{\"@context\":\"https:\/\/schema.org\",\"@graph\":[{\"@type\":\"Article\",\"@id\":\"https:\/\/szeruj.pl\/blog\/wymiar-czasu-pracy-liczba-godzin\/#article\",\"isPartOf\":{\"@id\":\"https:\/\/szeruj.pl\/blog\/wymiar-czasu-pracy-liczba-godzin\/\"},\"author\":{\"name\":\"Redakcja\",\"@id\":\"https:\/\/szeruj.pl\/blog\/#\/schema\/person\/4e03440c3e7541b9b7bdeb41ee7ba74d\"},\"headline\":\"Wymiar czasu pracy w Polsce w 2025 roku &#8211; liczba godzin pracy w poszczeg\u00f3lnych miesi\u0105cach\",\"datePublished\":\"2025-01-19T09:02:00+00:00\",\"dateModified\":\"2025-01-20T19:45:27+00:00\",\"mainEntityOfPage\":{\"@id\":\"https:\/\/szeruj.pl\/blog\/wymiar-czasu-pracy-liczba-godzin\/\"},\"wordCount\":300,\"publisher\":{\"@id\":\"https:\/\/szeruj.pl\/blog\/#organization\"},\"image\":{\"@id\":\"https:\/\/szeruj.pl\/blog\/wymiar-czasu-pracy-liczba-godzin\/#primaryimage\"},\"thumbnailUrl\":\"https:\/\/szeruj.pl\/blog\/wp-content\/uploads\/2023\/03\/wymiar-czasu-pracy.jpg\",\"articleSection\":[\"Porady\"],\"inLanguage\":\"pl-PL\"},{\"@type\":\"WebPage\",\"@id\":\"https:\/\/szeruj.pl\/blog\/wymiar-czasu-pracy-liczba-godzin\/\",\"url\":\"https:\/\/szeruj.pl\/blog\/wymiar-czasu-pracy-liczba-godzin\/\",\"name\":\"Wymiar czasu pracy w Polsce w 2025 roku - liczba godzin pracy w poszczeg\u00f3lnych miesi\u0105cach - Szeruj.pl\",\"isPartOf\":{\"@id\":\"https:\/\/szeruj.pl\/blog\/#website\"},\"primaryImageOfPage\":{\"@id\":\"https:\/\/szeruj.pl\/blog\/wymiar-czasu-pracy-liczba-godzin\/#primaryimage\"},\"image\":{\"@id\":\"https:\/\/szeruj.pl\/blog\/wymiar-czasu-pracy-liczba-godzin\/#primaryimage\"},\"thumbnailUrl\":\"https:\/\/szeruj.pl\/blog\/wp-content\/uploads\/2023\/03\/wymiar-czasu-pracy.jpg\",\"datePublished\":\"2025-01-19T09:02:00+00:00\",\"dateModified\":\"2025-01-20T19:45:27+00:00\",\"description\":\"Wraz z pocz\u0105tkiem 2025 roku w Polsce obowi\u0105zuje nowy wymiar czasu pracy. Jak wygl\u0105da rozk\u0142ad czasu pracy w poszczeg\u00f3lnych miesi\u0105cach?\",\"breadcrumb\":{\"@id\":\"https:\/\/szeruj.pl\/blog\/wymiar-czasu-pracy-liczba-godzin\/#breadcrumb\"},\"inLanguage\":\"pl-PL\",\"potentialAction\":[{\"@type\":\"ReadAction\",\"target\":[\"https:\/\/szeruj.pl\/blog\/wymiar-czasu-pracy-liczba-godzin\/\"]}]},{\"@type\":\"ImageObject\",\"inLanguage\":\"pl-PL\",\"@id\":\"https:\/\/szeruj.pl\/blog\/wymiar-czasu-pracy-liczba-godzin\/#primaryimage\",\"url\":\"https:\/\/szeruj.pl\/blog\/wp-content\/uploads\/2023\/03\/wymiar-czasu-pracy.jpg\",\"contentUrl\":\"https:\/\/szeruj.pl\/blog\/wp-content\/uploads\/2023\/03\/wymiar-czasu-pracy.jpg\",\"width\":730,\"height\":486,\"caption\":\"wymiar czasu pracy - dni pracuj\u0105ce\"},{\"@type\":\"BreadcrumbList\",\"@id\":\"https:\/\/szeruj.pl\/blog\/wymiar-czasu-pracy-liczba-godzin\/#breadcrumb\",\"itemListElement\":[{\"@type\":\"ListItem\",\"position\":1,\"name\":\"Strona g\u0142\u00f3wna\",\"item\":\"https:\/\/szeruj.pl\/blog\/\"},{\"@type\":\"ListItem\",\"position\":2,\"name\":\"Wymiar czasu pracy w Polsce w 2025 roku &#8211; liczba godzin pracy w poszczeg\u00f3lnych miesi\u0105cach\"}]},{\"@type\":\"WebSite\",\"@id\":\"https:\/\/szeruj.pl\/blog\/#website\",\"url\":\"https:\/\/szeruj.pl\/blog\/\",\"name\":\"Blog - Szeruj.pl\",\"description\":\"\",\"publisher\":{\"@id\":\"https:\/\/szeruj.pl\/blog\/#organization\"},\"potentialAction\":[{\"@type\":\"SearchAction\",\"target\":{\"@type\":\"EntryPoint\",\"urlTemplate\":\"https:\/\/szeruj.pl\/blog\/?s={search_term_string}\"},\"query-input\":{\"@type\":\"PropertyValueSpecification\",\"valueRequired\":true,\"valueName\":\"search_term_string\"}}],\"inLanguage\":\"pl-PL\"},{\"@type\":\"Organization\",\"@id\":\"https:\/\/szeruj.pl\/blog\/#organization\",\"name\":\"Blog - Szeruj.pl\",\"url\":\"https:\/\/szeruj.pl\/blog\/\",\"logo\":{\"@type\":\"ImageObject\",\"inLanguage\":\"pl-PL\",\"@id\":\"https:\/\/szeruj.pl\/blog\/#\/schema\/logo\/image\/\",\"url\":\"https:\/\/szeruj.pl\/blog\/wp-content\/uploads\/2023\/03\/szeruj-logo.png\",\"contentUrl\":\"https:\/\/szeruj.pl\/blog\/wp-content\/uploads\/2023\/03\/szeruj-logo.png\",\"width\":150,\"height\":61,\"caption\":\"Blog - Szeruj.pl\"},\"image\":{\"@id\":\"https:\/\/szeruj.pl\/blog\/#\/schema\/logo\/image\/\"}},{\"@type\":\"Person\",\"@id\":\"https:\/\/szeruj.pl\/blog\/#\/schema\/person\/4e03440c3e7541b9b7bdeb41ee7ba74d\",\"name\":\"Redakcja\",\"image\":{\"@type\":\"ImageObject\",\"inLanguage\":\"pl-PL\",\"@id\":\"https:\/\/szeruj.pl\/blog\/#\/schema\/person\/image\/\",\"url\":\"https:\/\/secure.gravatar.com\/avatar\/a5250c1022aec79e02b48dcb67bf0fdc94a3ad542051ad0479e7d115777f5e7b?s=96&d=mm&r=g\",\"contentUrl\":\"https:\/\/secure.gravatar.com\/avatar\/a5250c1022aec79e02b48dcb67bf0fdc94a3ad542051ad0479e7d115777f5e7b?s=96&d=mm&r=g\",\"caption\":\"Redakcja\"},\"url\":\"https:\/\/szeruj.pl\/blog\/author\/redakcja-szeruj-pl\/\"}]}<\/script>\n<!-- \/ Yoast SEO plugin. -->","yoast_head_json":{"title":"Wymiar czasu pracy w Polsce w 2025 roku - liczba godzin pracy w poszczeg\u00f3lnych miesi\u0105cach - Szeruj.pl","description":"Wraz z pocz\u0105tkiem 2025 roku w Polsce obowi\u0105zuje nowy wymiar czasu pracy. Jak wygl\u0105da rozk\u0142ad czasu pracy w poszczeg\u00f3lnych miesi\u0105cach?","robots":{"index":"index","follow":"follow","max-snippet":"max-snippet:-1","max-image-preview":"max-image-preview:large","max-video-preview":"max-video-preview:-1"},"canonical":"https:\/\/szeruj.pl\/blog\/wymiar-czasu-pracy-liczba-godzin\/","og_locale":"pl_PL","og_type":"article","og_title":"Wymiar czasu pracy w Polsce w 2025 roku - liczba godzin pracy w poszczeg\u00f3lnych miesi\u0105cach - Szeruj.pl","og_description":"Wraz z pocz\u0105tkiem 2025 roku w Polsce obowi\u0105zuje nowy wymiar czasu pracy. Jak wygl\u0105da rozk\u0142ad czasu pracy w poszczeg\u00f3lnych miesi\u0105cach?","og_url":"https:\/\/szeruj.pl\/blog\/wymiar-czasu-pracy-liczba-godzin\/","og_site_name":"Blog - Szeruj.pl","article_published_time":"2025-01-19T09:02:00+00:00","article_modified_time":"2025-01-20T19:45:27+00:00","og_image":[{"width":730,"height":486,"url":"https:\/\/szeruj.pl\/blog\/wp-content\/uploads\/2023\/03\/wymiar-czasu-pracy.jpg","type":"image\/jpeg"}],"author":"Redakcja","twitter_card":"summary_large_image","twitter_misc":{"Napisane przez":"Redakcja","Szacowany czas czytania":"2 minuty"},"schema":{"@context":"https:\/\/schema.org","@graph":[{"@type":"Article","@id":"https:\/\/szeruj.pl\/blog\/wymiar-czasu-pracy-liczba-godzin\/#article","isPartOf":{"@id":"https:\/\/szeruj.pl\/blog\/wymiar-czasu-pracy-liczba-godzin\/"},"author":{"name":"Redakcja","@id":"https:\/\/szeruj.pl\/blog\/#\/schema\/person\/4e03440c3e7541b9b7bdeb41ee7ba74d"},"headline":"Wymiar czasu pracy w Polsce w 2025 roku &#8211; liczba godzin pracy w poszczeg\u00f3lnych miesi\u0105cach","datePublished":"2025-01-19T09:02:00+00:00","dateModified":"2025-01-20T19:45:27+00:00","mainEntityOfPage":{"@id":"https:\/\/szeruj.pl\/blog\/wymiar-czasu-pracy-liczba-godzin\/"},"wordCount":300,"publisher":{"@id":"https:\/\/szeruj.pl\/blog\/#organization"},"image":{"@id":"https:\/\/szeruj.pl\/blog\/wymiar-czasu-pracy-liczba-godzin\/#primaryimage"},"thumbnailUrl":"https:\/\/szeruj.pl\/blog\/wp-content\/uploads\/2023\/03\/wymiar-czasu-pracy.jpg","articleSection":["Porady"],"inLanguage":"pl-PL"},{"@type":"WebPage","@id":"https:\/\/szeruj.pl\/blog\/wymiar-czasu-pracy-liczba-godzin\/","url":"https:\/\/szeruj.pl\/blog\/wymiar-czasu-pracy-liczba-godzin\/","name":"Wymiar czasu pracy w Polsce w 2025 roku - liczba godzin pracy w poszczeg\u00f3lnych miesi\u0105cach - Szeruj.pl","isPartOf":{"@id":"https:\/\/szeruj.pl\/blog\/#website"},"primaryImageOfPage":{"@id":"https:\/\/szeruj.pl\/blog\/wymiar-czasu-pracy-liczba-godzin\/#primaryimage"},"image":{"@id":"https:\/\/szeruj.pl\/blog\/wymiar-czasu-pracy-liczba-godzin\/#primaryimage"},"thumbnailUrl":"https:\/\/szeruj.pl\/blog\/wp-content\/uploads\/2023\/03\/wymiar-czasu-pracy.jpg","datePublished":"2025-01-19T09:02:00+00:00","dateModified":"2025-01-20T19:45:27+00:00","description":"Wraz z pocz\u0105tkiem 2025 roku w Polsce obowi\u0105zuje nowy wymiar czasu pracy. Jak wygl\u0105da rozk\u0142ad czasu pracy w poszczeg\u00f3lnych miesi\u0105cach?","breadcrumb":{"@id":"https:\/\/szeruj.pl\/blog\/wymiar-czasu-pracy-liczba-godzin\/#breadcrumb"},"inLanguage":"pl-PL","potentialAction":[{"@type":"ReadAction","target":["https:\/\/szeruj.pl\/blog\/wymiar-czasu-pracy-liczba-godzin\/"]}]},{"@type":"ImageObject","inLanguage":"pl-PL","@id":"https:\/\/szeruj.pl\/blog\/wymiar-czasu-pracy-liczba-godzin\/#primaryimage","url":"https:\/\/szeruj.pl\/blog\/wp-content\/uploads\/2023\/03\/wymiar-czasu-pracy.jpg","contentUrl":"https:\/\/szeruj.pl\/blog\/wp-content\/uploads\/2023\/03\/wymiar-czasu-pracy.jpg","width":730,"height":486,"caption":"wymiar czasu pracy - dni pracuj\u0105ce"},{"@type":"BreadcrumbList","@id":"https:\/\/szeruj.pl\/blog\/wymiar-czasu-pracy-liczba-godzin\/#breadcrumb","itemListElement":[{"@type":"ListItem","position":1,"name":"Strona g\u0142\u00f3wna","item":"https:\/\/szeruj.pl\/blog\/"},{"@type":"ListItem","position":2,"name":"Wymiar czasu pracy w Polsce w 2025 roku &#8211; liczba godzin pracy w poszczeg\u00f3lnych miesi\u0105cach"}]},{"@type":"WebSite","@id":"https:\/\/szeruj.pl\/blog\/#website","url":"https:\/\/szeruj.pl\/blog\/","name":"Blog - Szeruj.pl","description":"","publisher":{"@id":"https:\/\/szeruj.pl\/blog\/#organization"},"potentialAction":[{"@type":"SearchAction","target":{"@type":"EntryPoint","urlTemplate":"https:\/\/szeruj.pl\/blog\/?s={search_term_string}"},"query-input":{"@type":"PropertyValueSpecification","valueRequired":true,"valueName":"search_term_string"}}],"inLanguage":"pl-PL"},{"@type":"Organization","@id":"https:\/\/szeruj.pl\/blog\/#organization","name":"Blog - Szeruj.pl","url":"https:\/\/szeruj.pl\/blog\/","logo":{"@type":"ImageObject","inLanguage":"pl-PL","@id":"https:\/\/szeruj.pl\/blog\/#\/schema\/logo\/image\/","url":"https:\/\/szeruj.pl\/blog\/wp-content\/uploads\/2023\/03\/szeruj-logo.png","contentUrl":"https:\/\/szeruj.pl\/blog\/wp-content\/uploads\/2023\/03\/szeruj-logo.png","width":150,"height":61,"caption":"Blog - Szeruj.pl"},"image":{"@id":"https:\/\/szeruj.pl\/blog\/#\/schema\/logo\/image\/"}},{"@type":"Person","@id":"https:\/\/szeruj.pl\/blog\/#\/schema\/person\/4e03440c3e7541b9b7bdeb41ee7ba74d","name":"Redakcja","image":{"@type":"ImageObject","inLanguage":"pl-PL","@id":"https:\/\/szeruj.pl\/blog\/#\/schema\/person\/image\/","url":"https:\/\/secure.gravatar.com\/avatar\/a5250c1022aec79e02b48dcb67bf0fdc94a3ad542051ad0479e7d115777f5e7b?s=96&d=mm&r=g","contentUrl":"https:\/\/secure.gravatar.com\/avatar\/a5250c1022aec79e02b48dcb67bf0fdc94a3ad542051ad0479e7d115777f5e7b?s=96&d=mm&r=g","caption":"Redakcja"},"url":"https:\/\/szeruj.pl\/blog\/author\/redakcja-szeruj-pl\/"}]}},"_links":{"self":[{"href":"https:\/\/szeruj.pl\/blog\/wp-json\/wp\/v2\/posts\/32","targetHints":{"allow":["GET"]}}],"collection":[{"href":"https:\/\/szeruj.pl\/blog\/wp-json\/wp\/v2\/posts"}],"about":[{"href":"https:\/\/szeruj.pl\/blog\/wp-json\/wp\/v2\/types\/post"}],"author":[{"embeddable":true,"href":"https:\/\/szeruj.pl\/blog\/wp-json\/wp\/v2\/users\/2"}],"replies":[{"embeddable":true,"href":"https:\/\/szeruj.pl\/blog\/wp-json\/wp\/v2\/comments?post=32"}],"version-history":[{"count":1,"href":"https:\/\/szeruj.pl\/blog\/wp-json\/wp\/v2\/posts\/32\/revisions"}],"predecessor-version":[{"id":309,"href":"https:\/\/szeruj.pl\/blog\/wp-json\/wp\/v2\/posts\/32\/revisions\/309"}],"wp:featuredmedia":[{"embeddable":true,"href":"https:\/\/szeruj.pl\/blog\/wp-json\/wp\/v2\/media\/33"}],"wp:attachment":[{"href":"https:\/\/szeruj.pl\/blog\/wp-json\/wp\/v2\/media?parent=32"}],"wp:term":[{"taxonomy":"category","embeddable":true,"href":"https:\/\/szeruj.pl\/blog\/wp-json\/wp\/v2\/categories?post=32"},{"taxonomy":"post_tag","embeddable":true,"href":"https:\/\/szeruj.pl\/blog\/wp-json\/wp\/v2\/tags?post=32"}],"curies":[{"name":"wp","href":"https:\/\/api.w.org\/{rel}","templated":true}]}}