{"id":35,"date":"2025-04-15T09:08:00","date_gmt":"2025-04-15T09:08:00","guid":{"rendered":"https:\/\/szeruj.pl\/blog\/?p=35"},"modified":"2025-04-15T11:56:25","modified_gmt":"2025-04-15T11:56:25","slug":"niedziele-handlowe-kalendarz","status":"publish","type":"post","link":"https:\/\/szeruj.pl\/blog\/niedziele-handlowe-kalendarz\/","title":{"rendered":"Niedziele handlowe w 2025 roku &#8211; czy niedziela jest handlowa?\u00a0"},"content":{"rendered":"\n<p>Wprowadzona w 2018 roku ustawa o ograniczeniu handlu w niedziel\u0119 i \u015bwi\u0119ta nadal budzi wiele kontrowersji w Polsce. Z jednej strony chroni prawa pracownik\u00f3w, kt\u00f3rzy maj\u0105 mo\u017cliwo\u015b\u0107 odpoczynku w weekendy, ale z drugiej strony ogranicza swobod\u0119 handlu. W 2025 roku przewidziano <strong>osiem niedziel handlowych<\/strong>, a sklepy b\u0119d\u0105 musia\u0142y przestrzega\u0107 zakazu handlu w pozosta\u0142e niedziele i \u015bwi\u0119ta.<\/p><div id=\"ez-toc-container\" class=\"ez-toc-v2_0_80 counter-hierarchy ez-toc-counter ez-toc-grey ez-toc-container-direction\">\n<div class=\"ez-toc-title-container\">\n<p class=\"ez-toc-title\" style=\"cursor:inherit\">Spis tre\u015bci<\/p>\n<span class=\"ez-toc-title-toggle\"><a href=\"#\" class=\"ez-toc-pull-right ez-toc-btn ez-toc-btn-xs ez-toc-btn-default ez-toc-toggle\" aria-label=\"Prze\u0142\u0105cznik Spisu Tre\u015bci\"><span class=\"ez-toc-js-icon-con\"><span class=\"\"><span class=\"eztoc-hide\" style=\"display:none;\">Toggle<\/span><span class=\"ez-toc-icon-toggle-span\"><svg style=\"fill: #999;color:#999\" xmlns=\"http:\/\/www.w3.org\/2000\/svg\" class=\"list-377408\" width=\"20px\" height=\"20px\" viewBox=\"0 0 24 24\" fill=\"none\"><path d=\"M6 6H4v2h2V6zm14 0H8v2h12V6zM4 11h2v2H4v-2zm16 0H8v2h12v-2zM4 16h2v2H4v-2zm16 0H8v2h12v-2z\" fill=\"currentColor\"><\/path><\/svg><svg style=\"fill: #999;color:#999\" class=\"arrow-unsorted-368013\" xmlns=\"http:\/\/www.w3.org\/2000\/svg\" width=\"10px\" height=\"10px\" viewBox=\"0 0 24 24\" version=\"1.2\" baseProfile=\"tiny\"><path d=\"M18.2 9.3l-6.2-6.3-6.2 6.3c-.2.2-.3.4-.3.7s.1.5.3.7c.2.2.4.3.7.3h11c.3 0 .5-.1.7-.3.2-.2.3-.5.3-.7s-.1-.5-.3-.7zM5.8 14.7l6.2 6.3 6.2-6.3c.2-.2.3-.5.3-.7s-.1-.5-.3-.7c-.2-.2-.4-.3-.7-.3h-11c-.3 0-.5.1-.7.3-.2.2-.3.5-.3.7s.1.5.3.7z\"\/><\/svg><\/span><\/span><\/span><\/a><\/span><\/div>\n<nav><ul class='ez-toc-list ez-toc-list-level-1 ' ><li class='ez-toc-page-1 ez-toc-heading-level-2'><a class=\"ez-toc-link ez-toc-heading-1\" href=\"https:\/\/szeruj.pl\/blog\/niedziele-handlowe-kalendarz\/#Kalendarz-niedziel-handlowych-2025\" >Kalendarz niedziel handlowych 2025<\/a><\/li><li class='ez-toc-page-1 ez-toc-heading-level-2'><a class=\"ez-toc-link ez-toc-heading-2\" href=\"https:\/\/szeruj.pl\/blog\/niedziele-handlowe-kalendarz\/#Nowe-przepisy-od-2025-roku\" >Nowe przepisy od 2025 roku<\/a><\/li><li class='ez-toc-page-1 ez-toc-heading-level-2'><a class=\"ez-toc-link ez-toc-heading-3\" href=\"https:\/\/szeruj.pl\/blog\/niedziele-handlowe-kalendarz\/#Wyjatki-od-zakazu-handlu\" >Wyj\u0105tki od zakazu handlu<\/a><\/li><li class='ez-toc-page-1 ez-toc-heading-level-2'><a class=\"ez-toc-link ez-toc-heading-4\" href=\"https:\/\/szeruj.pl\/blog\/niedziele-handlowe-kalendarz\/#Konsekwencje-lamania-zakazu\" >Konsekwencje \u0142amania zakazu<\/a><\/li><li class='ez-toc-page-1 ez-toc-heading-level-2'><a class=\"ez-toc-link ez-toc-heading-5\" href=\"https:\/\/szeruj.pl\/blog\/niedziele-handlowe-kalendarz\/#Sklepy-franczyzowe\" >Sklepy franczyzowe<\/a><\/li><\/ul><\/nav><\/div>\n\n\n\n\n<h2 class=\"wp-block-heading\"><span class=\"ez-toc-section\" id=\"Kalendarz-niedziel-handlowych-2025\"><\/span>Kalendarz niedziel handlowych 2025<span class=\"ez-toc-section-end\"><\/span><\/h2>\n\n\n\n<p>W 2025 roku b\u0119dziemy mieli osiem niedziel handlowych:<\/p>\n\n\n\n<ul class=\"wp-block-list\">\n<li>26 stycznia,<\/li>\n\n\n\n<li>13 kwietnia,<\/li>\n\n\n\n<li>27 kwietnia,<\/li>\n\n\n\n<li>29 czerwca,<\/li>\n\n\n\n<li>31 sierpnia,<\/li>\n\n\n\n<li>7 grudnia,<\/li>\n\n\n\n<li>14 grudnia,<\/li>\n\n\n\n<li>21 grudnia.<\/li>\n<\/ul>\n\n\n\n<h2 class=\"wp-block-heading\"><span class=\"ez-toc-section\" id=\"Nowe-przepisy-od-2025-roku\"><\/span>Nowe przepisy od 2025 roku<span class=\"ez-toc-section-end\"><\/span><\/h2>\n\n\n\n<p>Najwa\u017cniejsze zmiany w przepisach, kt\u00f3re wejd\u0105 w \u017cycie 1 lutego 2025:<\/p>\n\n\n\n<ul class=\"wp-block-list\">\n<li>Wigilia (24 grudnia) stanie si\u0119 dniem ustawowo wolnym od pracy,<\/li>\n\n\n\n<li>W grudniu wprowadzono trzy niedziele handlowe zamiast dotychczasowych dw\u00f3ch,<\/li>\n\n\n\n<li>Zwi\u0119kszono \u0142\u0105czn\u0105 liczb\u0119 niedziel handlowych do o\u015bmiu w roku.<\/li>\n<\/ul>\n\n\n\n<h2 class=\"wp-block-heading\"><span class=\"ez-toc-section\" id=\"Wyjatki-od-zakazu-handlu\"><\/span>Wyj\u0105tki od zakazu handlu<span class=\"ez-toc-section-end\"><\/span><\/h2>\n\n\n\n<p>Ustawa przewiduje szereg wyj\u0105tk\u00f3w od zakazu handlu. W niedziele niehandlowe zakupy mo\u017cna zrobi\u0107 w:<\/p>\n\n\n\n<ul class=\"wp-block-list\">\n<li>Ma\u0142ych sklepach, gdzie za lad\u0105 stoi w\u0142a\u015bciciel,<\/li>\n\n\n\n<li>Stacjach benzynowych,<\/li>\n\n\n\n<li>Kwiaciarniach,<\/li>\n\n\n\n<li>Cukierniach i piekarniach,<\/li>\n\n\n\n<li>Aptekach,<\/li>\n\n\n\n<li>Plac\u00f3wkach pocztowych,<\/li>\n\n\n\n<li>Punktach gastronomicznych.<\/li>\n<\/ul>\n\n\n\n<h2 class=\"wp-block-heading\"><span class=\"ez-toc-section\" id=\"Konsekwencje-lamania-zakazu\"><\/span>Konsekwencje \u0142amania zakazu<span class=\"ez-toc-section-end\"><\/span><\/h2>\n\n\n\n<p>Za nieprzestrzeganie zakazu handlu w niedziele grozi kara grzywny w wysoko\u015bci do 100 tysi\u0119cy z\u0142otych. Przepisy s\u0105 rygorystycznie egzekwowane, dlatego w\u0142a\u015bciciele sklep\u00f3w powinni dok\u0142adnie zapozna\u0107 si\u0119 z obowi\u0105zuj\u0105cymi regulacjami.<\/p>\n\n\n\n<h2 class=\"wp-block-heading\"><span class=\"ez-toc-section\" id=\"Sklepy-franczyzowe\"><\/span>Sklepy franczyzowe<span class=\"ez-toc-section-end\"><\/span><\/h2>\n\n\n\n<p><strong>Sklepy franczyzowe<\/strong>, takie jak \u017babka, mog\u0105 prowadzi\u0107 dzia\u0142alno\u015b\u0107 w niedziele niehandlowe, ale tylko pod warunkiem, \u017ce za lad\u0105 stanie w\u0142a\u015bciciel plac\u00f3wki. Jest to rozwi\u0105zanie, kt\u00f3re pozwala na zachowanie pewnej elastyczno\u015bci w handlu, jednocze\u015bnie respektuj\u0105c ducha ustawy.<\/p>\n","protected":false},"excerpt":{"rendered":"<p>Wprowadzona w 2018 roku ustawa o ograniczeniu handlu w niedziel\u0119 i \u015bwi\u0119ta nadal budzi wiele kontrowersji w Polsce. Z jednej strony chroni prawa pracownik\u00f3w, kt\u00f3rzy maj\u0105 mo\u017cliwo\u015b\u0107 odpoczynku w weekendy, ale z drugiej strony ogranicza swobod\u0119 handlu. W 2025 roku[&#8230;]<\/p>\n","protected":false},"author":2,"featured_media":36,"comment_status":"closed","ping_status":"closed","sticky":false,"template":"","format":"standard","meta":{"_yoast_wpseo_title":"","_yoast_wpseo_metadesc":"W 2025 roku przewidziano osiem niedziel handlowych, a sklepy b\u0119d\u0105 musia\u0142y przestrzega\u0107 zakazu handlu w pozosta\u0142e niedziele i wybrane \u015bwi\u0119ta.","rank_math_title":"","_aioseo_title":"","footnotes":""},"categories":[1],"tags":[],"class_list":["post-35","post","type-post","status-publish","format-standard","has-post-thumbnail","hentry","category-porady"],"yoast_head":"<!-- This site is optimized with the Yoast SEO plugin v26.7 - https:\/\/yoast.com\/wordpress\/plugins\/seo\/ -->\n<title>Niedziele handlowe w 2025 roku - czy niedziela jest handlowa?\u00a0 - Szeruj.pl<\/title>\n<meta name=\"description\" content=\"W 2025 roku przewidziano osiem niedziel handlowych, a sklepy b\u0119d\u0105 musia\u0142y przestrzega\u0107 zakazu handlu w pozosta\u0142e niedziele i wybrane \u015bwi\u0119ta.\" \/>\n<meta name=\"robots\" content=\"index, follow, max-snippet:-1, max-image-preview:large, max-video-preview:-1\" \/>\n<link rel=\"canonical\" href=\"https:\/\/szeruj.pl\/blog\/niedziele-handlowe-kalendarz\/\" \/>\n<meta property=\"og:locale\" content=\"pl_PL\" \/>\n<meta property=\"og:type\" content=\"article\" \/>\n<meta property=\"og:title\" content=\"Niedziele handlowe w 2025 roku - czy niedziela jest handlowa?\u00a0 - Szeruj.pl\" \/>\n<meta property=\"og:description\" content=\"W 2025 roku przewidziano osiem niedziel handlowych, a sklepy b\u0119d\u0105 musia\u0142y przestrzega\u0107 zakazu handlu w pozosta\u0142e niedziele i wybrane \u015bwi\u0119ta.\" \/>\n<meta property=\"og:url\" content=\"https:\/\/szeruj.pl\/blog\/niedziele-handlowe-kalendarz\/\" \/>\n<meta property=\"og:site_name\" content=\"Blog - Szeruj.pl\" \/>\n<meta property=\"article:published_time\" content=\"2025-04-15T09:08:00+00:00\" \/>\n<meta property=\"article:modified_time\" content=\"2025-04-15T11:56:25+00:00\" \/>\n<meta property=\"og:image\" content=\"https:\/\/szeruj.pl\/blog\/wp-content\/uploads\/2023\/03\/niedziele-handlowe.jpg\" \/>\n\t<meta property=\"og:image:width\" content=\"730\" \/>\n\t<meta property=\"og:image:height\" content=\"486\" \/>\n\t<meta property=\"og:image:type\" content=\"image\/jpeg\" \/>\n<meta name=\"author\" content=\"Redakcja\" \/>\n<meta name=\"twitter:card\" content=\"summary_large_image\" \/>\n<meta name=\"twitter:label1\" content=\"Napisane przez\" \/>\n\t<meta name=\"twitter:data1\" content=\"Redakcja\" \/>\n\t<meta name=\"twitter:label2\" content=\"Szacowany czas czytania\" \/>\n\t<meta name=\"twitter:data2\" content=\"2 minuty\" \/>\n<script type=\"application\/ld+json\" class=\"yoast-schema-graph\">{\"@context\":\"https:\/\/schema.org\",\"@graph\":[{\"@type\":\"Article\",\"@id\":\"https:\/\/szeruj.pl\/blog\/niedziele-handlowe-kalendarz\/#article\",\"isPartOf\":{\"@id\":\"https:\/\/szeruj.pl\/blog\/niedziele-handlowe-kalendarz\/\"},\"author\":{\"name\":\"Redakcja\",\"@id\":\"https:\/\/szeruj.pl\/blog\/#\/schema\/person\/4e03440c3e7541b9b7bdeb41ee7ba74d\"},\"headline\":\"Niedziele handlowe w 2025 roku &#8211; czy niedziela jest handlowa?\u00a0\",\"datePublished\":\"2025-04-15T09:08:00+00:00\",\"dateModified\":\"2025-04-15T11:56:25+00:00\",\"mainEntityOfPage\":{\"@id\":\"https:\/\/szeruj.pl\/blog\/niedziele-handlowe-kalendarz\/\"},\"wordCount\":266,\"publisher\":{\"@id\":\"https:\/\/szeruj.pl\/blog\/#organization\"},\"image\":{\"@id\":\"https:\/\/szeruj.pl\/blog\/niedziele-handlowe-kalendarz\/#primaryimage\"},\"thumbnailUrl\":\"https:\/\/szeruj.pl\/blog\/wp-content\/uploads\/2023\/03\/niedziele-handlowe.jpg\",\"articleSection\":[\"Porady\"],\"inLanguage\":\"pl-PL\"},{\"@type\":\"WebPage\",\"@id\":\"https:\/\/szeruj.pl\/blog\/niedziele-handlowe-kalendarz\/\",\"url\":\"https:\/\/szeruj.pl\/blog\/niedziele-handlowe-kalendarz\/\",\"name\":\"Niedziele handlowe w 2025 roku - czy niedziela jest handlowa?\u00a0 - Szeruj.pl\",\"isPartOf\":{\"@id\":\"https:\/\/szeruj.pl\/blog\/#website\"},\"primaryImageOfPage\":{\"@id\":\"https:\/\/szeruj.pl\/blog\/niedziele-handlowe-kalendarz\/#primaryimage\"},\"image\":{\"@id\":\"https:\/\/szeruj.pl\/blog\/niedziele-handlowe-kalendarz\/#primaryimage\"},\"thumbnailUrl\":\"https:\/\/szeruj.pl\/blog\/wp-content\/uploads\/2023\/03\/niedziele-handlowe.jpg\",\"datePublished\":\"2025-04-15T09:08:00+00:00\",\"dateModified\":\"2025-04-15T11:56:25+00:00\",\"description\":\"W 2025 roku przewidziano osiem niedziel handlowych, a sklepy b\u0119d\u0105 musia\u0142y przestrzega\u0107 zakazu handlu w pozosta\u0142e niedziele i wybrane \u015bwi\u0119ta.\",\"breadcrumb\":{\"@id\":\"https:\/\/szeruj.pl\/blog\/niedziele-handlowe-kalendarz\/#breadcrumb\"},\"inLanguage\":\"pl-PL\",\"potentialAction\":[{\"@type\":\"ReadAction\",\"target\":[\"https:\/\/szeruj.pl\/blog\/niedziele-handlowe-kalendarz\/\"]}]},{\"@type\":\"ImageObject\",\"inLanguage\":\"pl-PL\",\"@id\":\"https:\/\/szeruj.pl\/blog\/niedziele-handlowe-kalendarz\/#primaryimage\",\"url\":\"https:\/\/szeruj.pl\/blog\/wp-content\/uploads\/2023\/03\/niedziele-handlowe.jpg\",\"contentUrl\":\"https:\/\/szeruj.pl\/blog\/wp-content\/uploads\/2023\/03\/niedziele-handlowe.jpg\",\"width\":730,\"height\":486,\"caption\":\"niedziela handlowa\"},{\"@type\":\"BreadcrumbList\",\"@id\":\"https:\/\/szeruj.pl\/blog\/niedziele-handlowe-kalendarz\/#breadcrumb\",\"itemListElement\":[{\"@type\":\"ListItem\",\"position\":1,\"name\":\"Strona g\u0142\u00f3wna\",\"item\":\"https:\/\/szeruj.pl\/blog\/\"},{\"@type\":\"ListItem\",\"position\":2,\"name\":\"Niedziele handlowe w 2025 roku &#8211; czy niedziela jest handlowa?\u00a0\"}]},{\"@type\":\"WebSite\",\"@id\":\"https:\/\/szeruj.pl\/blog\/#website\",\"url\":\"https:\/\/szeruj.pl\/blog\/\",\"name\":\"Blog - Szeruj.pl\",\"description\":\"\",\"publisher\":{\"@id\":\"https:\/\/szeruj.pl\/blog\/#organization\"},\"potentialAction\":[{\"@type\":\"SearchAction\",\"target\":{\"@type\":\"EntryPoint\",\"urlTemplate\":\"https:\/\/szeruj.pl\/blog\/?s={search_term_string}\"},\"query-input\":{\"@type\":\"PropertyValueSpecification\",\"valueRequired\":true,\"valueName\":\"search_term_string\"}}],\"inLanguage\":\"pl-PL\"},{\"@type\":\"Organization\",\"@id\":\"https:\/\/szeruj.pl\/blog\/#organization\",\"name\":\"Blog - Szeruj.pl\",\"url\":\"https:\/\/szeruj.pl\/blog\/\",\"logo\":{\"@type\":\"ImageObject\",\"inLanguage\":\"pl-PL\",\"@id\":\"https:\/\/szeruj.pl\/blog\/#\/schema\/logo\/image\/\",\"url\":\"https:\/\/szeruj.pl\/blog\/wp-content\/uploads\/2023\/03\/szeruj-logo.png\",\"contentUrl\":\"https:\/\/szeruj.pl\/blog\/wp-content\/uploads\/2023\/03\/szeruj-logo.png\",\"width\":150,\"height\":61,\"caption\":\"Blog - Szeruj.pl\"},\"image\":{\"@id\":\"https:\/\/szeruj.pl\/blog\/#\/schema\/logo\/image\/\"}},{\"@type\":\"Person\",\"@id\":\"https:\/\/szeruj.pl\/blog\/#\/schema\/person\/4e03440c3e7541b9b7bdeb41ee7ba74d\",\"name\":\"Redakcja\",\"image\":{\"@type\":\"ImageObject\",\"inLanguage\":\"pl-PL\",\"@id\":\"https:\/\/szeruj.pl\/blog\/#\/schema\/person\/image\/\",\"url\":\"https:\/\/secure.gravatar.com\/avatar\/a5250c1022aec79e02b48dcb67bf0fdc94a3ad542051ad0479e7d115777f5e7b?s=96&d=mm&r=g\",\"contentUrl\":\"https:\/\/secure.gravatar.com\/avatar\/a5250c1022aec79e02b48dcb67bf0fdc94a3ad542051ad0479e7d115777f5e7b?s=96&d=mm&r=g\",\"caption\":\"Redakcja\"},\"url\":\"https:\/\/szeruj.pl\/blog\/author\/redakcja-szeruj-pl\/\"}]}<\/script>\n<!-- \/ Yoast SEO plugin. -->","yoast_head_json":{"title":"Niedziele handlowe w 2025 roku - czy niedziela jest handlowa?\u00a0 - Szeruj.pl","description":"W 2025 roku przewidziano osiem niedziel handlowych, a sklepy b\u0119d\u0105 musia\u0142y przestrzega\u0107 zakazu handlu w pozosta\u0142e niedziele i wybrane \u015bwi\u0119ta.","robots":{"index":"index","follow":"follow","max-snippet":"max-snippet:-1","max-image-preview":"max-image-preview:large","max-video-preview":"max-video-preview:-1"},"canonical":"https:\/\/szeruj.pl\/blog\/niedziele-handlowe-kalendarz\/","og_locale":"pl_PL","og_type":"article","og_title":"Niedziele handlowe w 2025 roku - czy niedziela jest handlowa?\u00a0 - Szeruj.pl","og_description":"W 2025 roku przewidziano osiem niedziel handlowych, a sklepy b\u0119d\u0105 musia\u0142y przestrzega\u0107 zakazu handlu w pozosta\u0142e niedziele i wybrane \u015bwi\u0119ta.","og_url":"https:\/\/szeruj.pl\/blog\/niedziele-handlowe-kalendarz\/","og_site_name":"Blog - Szeruj.pl","article_published_time":"2025-04-15T09:08:00+00:00","article_modified_time":"2025-04-15T11:56:25+00:00","og_image":[{"width":730,"height":486,"url":"https:\/\/szeruj.pl\/blog\/wp-content\/uploads\/2023\/03\/niedziele-handlowe.jpg","type":"image\/jpeg"}],"author":"Redakcja","twitter_card":"summary_large_image","twitter_misc":{"Napisane przez":"Redakcja","Szacowany czas czytania":"2 minuty"},"schema":{"@context":"https:\/\/schema.org","@graph":[{"@type":"Article","@id":"https:\/\/szeruj.pl\/blog\/niedziele-handlowe-kalendarz\/#article","isPartOf":{"@id":"https:\/\/szeruj.pl\/blog\/niedziele-handlowe-kalendarz\/"},"author":{"name":"Redakcja","@id":"https:\/\/szeruj.pl\/blog\/#\/schema\/person\/4e03440c3e7541b9b7bdeb41ee7ba74d"},"headline":"Niedziele handlowe w 2025 roku &#8211; czy niedziela jest handlowa?\u00a0","datePublished":"2025-04-15T09:08:00+00:00","dateModified":"2025-04-15T11:56:25+00:00","mainEntityOfPage":{"@id":"https:\/\/szeruj.pl\/blog\/niedziele-handlowe-kalendarz\/"},"wordCount":266,"publisher":{"@id":"https:\/\/szeruj.pl\/blog\/#organization"},"image":{"@id":"https:\/\/szeruj.pl\/blog\/niedziele-handlowe-kalendarz\/#primaryimage"},"thumbnailUrl":"https:\/\/szeruj.pl\/blog\/wp-content\/uploads\/2023\/03\/niedziele-handlowe.jpg","articleSection":["Porady"],"inLanguage":"pl-PL"},{"@type":"WebPage","@id":"https:\/\/szeruj.pl\/blog\/niedziele-handlowe-kalendarz\/","url":"https:\/\/szeruj.pl\/blog\/niedziele-handlowe-kalendarz\/","name":"Niedziele handlowe w 2025 roku - czy niedziela jest handlowa?\u00a0 - Szeruj.pl","isPartOf":{"@id":"https:\/\/szeruj.pl\/blog\/#website"},"primaryImageOfPage":{"@id":"https:\/\/szeruj.pl\/blog\/niedziele-handlowe-kalendarz\/#primaryimage"},"image":{"@id":"https:\/\/szeruj.pl\/blog\/niedziele-handlowe-kalendarz\/#primaryimage"},"thumbnailUrl":"https:\/\/szeruj.pl\/blog\/wp-content\/uploads\/2023\/03\/niedziele-handlowe.jpg","datePublished":"2025-04-15T09:08:00+00:00","dateModified":"2025-04-15T11:56:25+00:00","description":"W 2025 roku przewidziano osiem niedziel handlowych, a sklepy b\u0119d\u0105 musia\u0142y przestrzega\u0107 zakazu handlu w pozosta\u0142e niedziele i wybrane \u015bwi\u0119ta.","breadcrumb":{"@id":"https:\/\/szeruj.pl\/blog\/niedziele-handlowe-kalendarz\/#breadcrumb"},"inLanguage":"pl-PL","potentialAction":[{"@type":"ReadAction","target":["https:\/\/szeruj.pl\/blog\/niedziele-handlowe-kalendarz\/"]}]},{"@type":"ImageObject","inLanguage":"pl-PL","@id":"https:\/\/szeruj.pl\/blog\/niedziele-handlowe-kalendarz\/#primaryimage","url":"https:\/\/szeruj.pl\/blog\/wp-content\/uploads\/2023\/03\/niedziele-handlowe.jpg","contentUrl":"https:\/\/szeruj.pl\/blog\/wp-content\/uploads\/2023\/03\/niedziele-handlowe.jpg","width":730,"height":486,"caption":"niedziela handlowa"},{"@type":"BreadcrumbList","@id":"https:\/\/szeruj.pl\/blog\/niedziele-handlowe-kalendarz\/#breadcrumb","itemListElement":[{"@type":"ListItem","position":1,"name":"Strona g\u0142\u00f3wna","item":"https:\/\/szeruj.pl\/blog\/"},{"@type":"ListItem","position":2,"name":"Niedziele handlowe w 2025 roku &#8211; czy niedziela jest handlowa?\u00a0"}]},{"@type":"WebSite","@id":"https:\/\/szeruj.pl\/blog\/#website","url":"https:\/\/szeruj.pl\/blog\/","name":"Blog - Szeruj.pl","description":"","publisher":{"@id":"https:\/\/szeruj.pl\/blog\/#organization"},"potentialAction":[{"@type":"SearchAction","target":{"@type":"EntryPoint","urlTemplate":"https:\/\/szeruj.pl\/blog\/?s={search_term_string}"},"query-input":{"@type":"PropertyValueSpecification","valueRequired":true,"valueName":"search_term_string"}}],"inLanguage":"pl-PL"},{"@type":"Organization","@id":"https:\/\/szeruj.pl\/blog\/#organization","name":"Blog - Szeruj.pl","url":"https:\/\/szeruj.pl\/blog\/","logo":{"@type":"ImageObject","inLanguage":"pl-PL","@id":"https:\/\/szeruj.pl\/blog\/#\/schema\/logo\/image\/","url":"https:\/\/szeruj.pl\/blog\/wp-content\/uploads\/2023\/03\/szeruj-logo.png","contentUrl":"https:\/\/szeruj.pl\/blog\/wp-content\/uploads\/2023\/03\/szeruj-logo.png","width":150,"height":61,"caption":"Blog - Szeruj.pl"},"image":{"@id":"https:\/\/szeruj.pl\/blog\/#\/schema\/logo\/image\/"}},{"@type":"Person","@id":"https:\/\/szeruj.pl\/blog\/#\/schema\/person\/4e03440c3e7541b9b7bdeb41ee7ba74d","name":"Redakcja","image":{"@type":"ImageObject","inLanguage":"pl-PL","@id":"https:\/\/szeruj.pl\/blog\/#\/schema\/person\/image\/","url":"https:\/\/secure.gravatar.com\/avatar\/a5250c1022aec79e02b48dcb67bf0fdc94a3ad542051ad0479e7d115777f5e7b?s=96&d=mm&r=g","contentUrl":"https:\/\/secure.gravatar.com\/avatar\/a5250c1022aec79e02b48dcb67bf0fdc94a3ad542051ad0479e7d115777f5e7b?s=96&d=mm&r=g","caption":"Redakcja"},"url":"https:\/\/szeruj.pl\/blog\/author\/redakcja-szeruj-pl\/"}]}},"_links":{"self":[{"href":"https:\/\/szeruj.pl\/blog\/wp-json\/wp\/v2\/posts\/35","targetHints":{"allow":["GET"]}}],"collection":[{"href":"https:\/\/szeruj.pl\/blog\/wp-json\/wp\/v2\/posts"}],"about":[{"href":"https:\/\/szeruj.pl\/blog\/wp-json\/wp\/v2\/types\/post"}],"author":[{"embeddable":true,"href":"https:\/\/szeruj.pl\/blog\/wp-json\/wp\/v2\/users\/2"}],"replies":[{"embeddable":true,"href":"https:\/\/szeruj.pl\/blog\/wp-json\/wp\/v2\/comments?post=35"}],"version-history":[{"count":2,"href":"https:\/\/szeruj.pl\/blog\/wp-json\/wp\/v2\/posts\/35\/revisions"}],"predecessor-version":[{"id":312,"href":"https:\/\/szeruj.pl\/blog\/wp-json\/wp\/v2\/posts\/35\/revisions\/312"}],"wp:featuredmedia":[{"embeddable":true,"href":"https:\/\/szeruj.pl\/blog\/wp-json\/wp\/v2\/media\/36"}],"wp:attachment":[{"href":"https:\/\/szeruj.pl\/blog\/wp-json\/wp\/v2\/media?parent=35"}],"wp:term":[{"taxonomy":"category","embeddable":true,"href":"https:\/\/szeruj.pl\/blog\/wp-json\/wp\/v2\/categories?post=35"},{"taxonomy":"post_tag","embeddable":true,"href":"https:\/\/szeruj.pl\/blog\/wp-json\/wp\/v2\/tags?post=35"}],"curies":[{"name":"wp","href":"https:\/\/api.w.org\/{rel}","templated":true}]}}